{"id":495,"date":"2017-06-20T17:04:21","date_gmt":"2017-06-20T15:04:21","guid":{"rendered":"http:\/\/sindicatdebarri.org\/?p=495"},"modified":"2020-03-30T17:09:11","modified_gmt":"2020-03-30T15:09:11","slug":"aturat-el-desnonament-de-la-maribel-i-lenric","status":"publish","type":"post","link":"https:\/\/sindicatdebarri.org\/index.php\/2017\/06\/20\/aturat-el-desnonament-de-la-maribel-i-lenric\/","title":{"rendered":"Aturat el desnonament de la Maribel i l&#8217;Enric!"},"content":{"rendered":"<p>Avui, 20 de juny, hem fet una crida per la solidaritat i organitzaci\u00f3 ve\u00efnal front l&#8217;ordre de desnonament que van rebre Enric i Maribel amb nom\u00e9s 15 dies d\u2019antelaci\u00f3, despr\u00e9s de viure durant tota la vida al Poble Sec. La mort de la mare de l&#8217;Eric ha estat aprofitada per la propietat per intentar fer-los fora.<\/p>\n<p>Des de primera hora del mat\u00ed molts ve\u00efns i ve\u00efnes s&#8217;han plantat a la porta de Blasco de Garai, 48 per aturar el desnonament. Prop d&#8217;una trentena de persones que front les lleis que beneficien sempre a la propietat i l&#8217;especulaci\u00f3, s&#8217;organitzen i posen el seu cos per defensar al ve\u00efnat.<\/p>\n<p>Es tracta d&#8217;un comprom\u00eds com a barri que vam acordar en el manifest dels 5 punts per defensar el Poble Sec: &#8220;Ens comprometem a lluitar plegades perqu\u00e8 cap ve\u00efna hagi de marxar del barri per raons econ\u00f2miques i per culpa de l&#8217;especulaci\u00f3&#8221;<\/p>\n<p><strong>Cap ve\u00efna fora del Poble Sec!<\/strong><\/p>\n<div id='gallery-1' class='gallery galleryid-495 gallery-columns-4 gallery-size-medium'><figure class='gallery-item'>\n\t\t\t<div class='gallery-icon portrait'>\n\t\t\t\t<a href='https:\/\/sindicatdebarri.org\/index.php\/2017\/06\/20\/aturat-el-desnonament-de-la-maribel-i-lenric\/rico-225x300\/'><img width=\"225\" height=\"300\" src=\"https:\/\/sindicatdebarri.org\/wp-content\/uploads\/2020\/03\/rico-225x300-225x300.jpg\" class=\"attachment-medium size-medium\" alt=\"\" decoding=\"async\" loading=\"lazy\" \/><\/a>\n\t\t\t<\/div><\/figure><figure class='gallery-item'>\n\t\t\t<div class='gallery-icon portrait'>\n\t\t\t\t<a href='https:\/\/sindicatdebarri.org\/index.php\/2017\/06\/20\/aturat-el-desnonament-de-la-maribel-i-lenric\/enric-225x300\/'><img width=\"225\" height=\"300\" src=\"https:\/\/sindicatdebarri.org\/wp-content\/uploads\/2020\/03\/enric-225x300-225x300.jpg\" class=\"attachment-medium size-medium\" alt=\"\" decoding=\"async\" loading=\"lazy\" \/><\/a>\n\t\t\t<\/div><\/figure><figure class='gallery-item'>\n\t\t\t<div class='gallery-icon landscape'>\n\t\t\t\t<a href='https:\/\/sindicatdebarri.org\/index.php\/2017\/06\/20\/aturat-el-desnonament-de-la-maribel-i-lenric\/bas-300x225\/'><img width=\"300\" height=\"225\" src=\"https:\/\/sindicatdebarri.org\/wp-content\/uploads\/2020\/03\/bas-300x225-300x225.jpg\" class=\"attachment-medium size-medium\" alt=\"\" decoding=\"async\" loading=\"lazy\" \/><\/a>\n\t\t\t<\/div><\/figure><figure class='gallery-item'>\n\t\t\t<div class='gallery-icon landscape'>\n\t\t\t\t<a href='https:\/\/sindicatdebarri.org\/index.php\/2017\/06\/20\/aturat-el-desnonament-de-la-maribel-i-lenric\/barri-300x225\/'><img width=\"300\" height=\"225\" src=\"https:\/\/sindicatdebarri.org\/wp-content\/uploads\/2020\/03\/barri-300x225-300x225.jpg\" class=\"attachment-medium size-medium\" alt=\"\" decoding=\"async\" loading=\"lazy\" \/><\/a>\n\t\t\t<\/div><\/figure><figure class='gallery-item'>\n\t\t\t<div class='gallery-icon landscape'>\n\t\t\t\t<a href='https:\/\/sindicatdebarri.org\/index.php\/2017\/06\/20\/aturat-el-desnonament-de-la-maribel-i-lenric\/barri4-300x225\/'><img width=\"300\" height=\"225\" src=\"https:\/\/sindicatdebarri.org\/wp-content\/uploads\/2020\/03\/barri4-300x225-300x225.jpg\" class=\"attachment-medium size-medium\" alt=\"\" decoding=\"async\" loading=\"lazy\" \/><\/a>\n\t\t\t<\/div><\/figure><figure class='gallery-item'>\n\t\t\t<div class='gallery-icon portrait'>\n\t\t\t\t<a href='https:\/\/sindicatdebarri.org\/index.php\/2017\/06\/20\/aturat-el-desnonament-de-la-maribel-i-lenric\/aturem-225x300\/'><img width=\"225\" height=\"300\" src=\"https:\/\/sindicatdebarri.org\/wp-content\/uploads\/2020\/03\/aturem-225x300-225x300.jpg\" class=\"attachment-medium size-medium\" alt=\"\" decoding=\"async\" loading=\"lazy\" \/><\/a>\n\t\t\t<\/div><\/figure><figure class='gallery-item'>\n\t\t\t<div class='gallery-icon landscape'>\n\t\t\t\t<a href='https:\/\/sindicatdebarri.org\/index.php\/2017\/06\/20\/aturat-el-desnonament-de-la-maribel-i-lenric\/ajun-300x225\/'><img width=\"300\" height=\"225\" src=\"https:\/\/sindicatdebarri.org\/wp-content\/uploads\/2020\/03\/ajun-300x225-300x225.jpg\" class=\"attachment-medium size-medium\" alt=\"\" decoding=\"async\" loading=\"lazy\" \/><\/a>\n\t\t\t<\/div><\/figure><figure class='gallery-item'>\n\t\t\t<div class='gallery-icon landscape'>\n\t\t\t\t<a href='https:\/\/sindicatdebarri.org\/index.php\/2017\/06\/20\/aturat-el-desnonament-de-la-maribel-i-lenric\/adeu-300x225\/'><img width=\"300\" height=\"225\" src=\"https:\/\/sindicatdebarri.org\/wp-content\/uploads\/2020\/03\/adeu-300x225-300x225.jpg\" class=\"attachment-medium size-medium\" alt=\"\" decoding=\"async\" loading=\"lazy\" \/><\/a>\n\t\t\t<\/div><\/figure>\n\t\t<\/div>\n\n","protected":false},"excerpt":{"rendered":"<p>Avui, 20 de juny, hem fet una crida per la solidaritat i organitzaci\u00f3 ve\u00efnal front l&#8217;ordre de desnonament que van rebre Enric i Maribel amb nom\u00e9s 15 dies d\u2019antelaci\u00f3, despr\u00e9s de viure durant tota la vida al Poble Sec. La mort de la mare de l&#8217;Eric ha estat aprofitada per la propietat per intentar fer-los fora.<br \/>\n(&#8230;)<\/p>\n","protected":false},"author":1,"featured_media":502,"comment_status":"open","ping_status":"open","sticky":false,"template":"","format":"standard","meta":[],"categories":[1],"tags":[],"_links":{"self":[{"href":"https:\/\/sindicatdebarri.org\/index.php\/wp-json\/wp\/v2\/posts\/495"}],"collection":[{"href":"https:\/\/sindicatdebarri.org\/index.php\/wp-json\/wp\/v2\/posts"}],"about":[{"href":"https:\/\/sindicatdebarri.org\/index.php\/wp-json\/wp\/v2\/types\/post"}],"author":[{"embeddable":true,"href":"https:\/\/sindicatdebarri.org\/index.php\/wp-json\/wp\/v2\/users\/1"}],"replies":[{"embeddable":true,"href":"https:\/\/sindicatdebarri.org\/index.php\/wp-json\/wp\/v2\/comments?post=495"}],"version-history":[{"count":2,"href":"https:\/\/sindicatdebarri.org\/index.php\/wp-json\/wp\/v2\/posts\/495\/revisions"}],"predecessor-version":[{"id":505,"href":"https:\/\/sindicatdebarri.org\/index.php\/wp-json\/wp\/v2\/posts\/495\/revisions\/505"}],"wp:featuredmedia":[{"embeddable":true,"href":"https:\/\/sindicatdebarri.org\/index.php\/wp-json\/wp\/v2\/media\/502"}],"wp:attachment":[{"href":"https:\/\/sindicatdebarri.org\/index.php\/wp-json\/wp\/v2\/media?parent=495"}],"wp:term":[{"taxonomy":"category","embeddable":true,"href":"https:\/\/sindicatdebarri.org\/index.php\/wp-json\/wp\/v2\/categories?post=495"},{"taxonomy":"post_tag","embeddable":true,"href":"https:\/\/sindicatdebarri.org\/index.php\/wp-json\/wp\/v2\/tags?post=495"}],"curies":[{"name":"wp","href":"https:\/\/api.w.org\/{rel}","templated":true}]}}